{"id":155137,"date":"2023-12-19T05:30:31","date_gmt":"2023-12-19T01:30:31","guid":{"rendered":"https:\/\/www.headout.com\/blog\/?p=155137"},"modified":"2024-02-05T10:43:48","modified_gmt":"2024-02-05T06:43:48","slug":"international-winter-balloon-festival","status":"publish","type":"post","link":"https:\/\/www.headout.com\/blog\/international-winter-balloon-festival\/","title":{"rendered":"\u00a0The International Winter Balloon Festival in the Swiss Alps is back with its 44th edition!"},"content":{"rendered":"<p>The <strong>Festival International De Ballons,<\/strong> or the International Festival of Balloons, is one of the most anticipated winter events in Switzerland; famous around the world too! In the little municipality of Ch\u00e2teau-d&#8217;\u0152x, a hot air balloon festival has been held since its inception in 1979 &#8211; when the first international hot air balloon week was held.<\/p>\n<p>Since then, 43 editions have come and gone and 2024 marks the 44th edition! The festival, in whole, lasts for 9 days with different programs lined up &#8211; from Hot Air Balloon Championships to Passenger Flights for all those who visit &#8211; it has the whole shebang. You\u2019ll have front row seats to the most amazing spectacle &#8211; scores of colorful balloons taking flight, set against a stunning backdrop of the Swiss Alps. Trust us, it really doesn\u2019t get prettier than this! <\/p>\n<p>    <img decoding=\"async\" data-src=\"https:\/\/cdn-imgix.headout.com\/media\/images\/ee9abca0f0b1a7db41ae575ad0d97328-Hot-air-balloons-festival-in-Cha%CC%82teau-d'Oex%2C-Switzerland.jpg\" data-sizes=\"auto\" alt=\"Winter Balloon Festival in Switzerland\" src=\"https:\/\/cdn-imgix.headout.com\/media\/images\/ee9abca0f0b1a7db41ae575ad0d97328-Hot-air-balloons-festival-in-Cha%CC%82teau-d'Oex%2C-Switzerland.jpg\" data-pagespeed-url-hash=\"177477554\" onload=\"pagespeed.CriticalImages.checkImageForCriticality(this);\" sizes=\"810px\" loading=\"lazy\"><\/p>\n<h2>Handy Information<\/h2>\n<p>\ud83d\udcc5 Dates: Jan 20th &#8211; 28th, 2024 <\/p>\n<p>\ud83d\udd63 Timings: 8:30 AM every morning<\/p>\n<p>\ud83d\udccd Where:Place du Village 6          CH &#8211; 1660 Ch\u00e2teau-d&#8217;\u0152x <\/p>\n<p>\ud83c\udf9f\ufe0f Tickets:&nbsp;<a href=\"https:\/\/www.festivaldeballons.ch\/fr\/a-propos\/tarifs-et-acces\" target=\"_blank\" rel=\"noopener\">Click here!<\/a><\/p>\n<h2>Events lined up this year!<\/h2>\n<ul>\n<li><b>Watch the preparation, inflation and flight of balloons :<\/b> Visitors can get a first-hand look at how the balloons get going, right from the first step &#8211; inflation, to when it takes off! You also get to interact with the pilots who take part in the various competitions.<\/li>\n<li><b>Passenger Flights:<\/b> The main agenda is to get a chance to fly up in the balloons themselves! The Passenger Flights, in this case, either a Hot Air Balloon or a Helicopter too, will take you on a 40-minute journey, right up in the sky, for a surreal and scenic experience. <a href=\"https:\/\/www.festivaldeballons.ch\/fr\/vols-passagers#\/\" target=\"_blank\" rel=\"noopener\">You can get tickets over here!<\/a> <\/li>\n<li><b>Philatelic Exhibition:<\/b> Hold up, this is a cool exhibition! The Pays-d\u2019Enhaut philatelic club will <a href=\"https:\/\/www.festivaldeballons.ch\/fr\/programme\/activites\" target=\"_blank\" rel=\"noopener\">transport letters in a hot air balloon and all the letters from the previous 43 exhibitions as well! <\/a> Once the balloon lands, the letters, postcards and other things are taken to the local Swiss Post Office where you can get them!  <\/li>\n<li><b>Air Shows:<\/b> The Air Shows that will be put together is something you cannot miss! Catch acrobatic planes and paragliders just doing their thing with spectacular air stunts!<\/li>\n<li><b>Evening at the Eden Cinema:<\/b> A concert \u201cThe Montagnard Choir\u201d at 8:00 PM and live screening of \u201cBeyond tradition: the power of natural singing\u201d at 8:45 PM will be held at the Eden Cinema back to back, for a cozy night in.<\/li>\n<li><b>Flying Night:<\/b> Fancy a black-tie evening? The Festival will host a Ball Evening on the theme \u201cMen in Black, the Return\u201d at the Great Hall of Ch\u00e2teau-d&#8217;\u0152x!  <\/li>\n<li><b>Activities for Children:<\/b> There are plenty of activities for children at the festival! Parents don\u2019t need to worry about how they can keep their kids entertained. <a href=\"https:\/\/www.festivaldeballons.ch\/fr\/programme\/activites\" target=\"_blank\" rel=\"noopener\">Here are a bunch of activities you can expect as per this year\u2019s schedule &#8211;<\/a><\/li>\n<p>-Tethered Flights<\/p>\n<p>-Balloon Space<\/p>\n<p>-Treasure Hunt in the village<\/p>\n<p>Virtual Reality simulation<\/p>\n<\/ul>\n<p>    <img decoding=\"async\" data-src=\"https:\/\/cdn-imgix.headout.com\/media\/images\/13ff74a6f5d8867b7462dd10afd9201f-Balloons-festival-in-Cha%CC%82teau-d'Oex%2C-Switzerland.jpg\" data-sizes=\"auto\" alt=\"Winter Hot Air Balloon Festival in Switzerland\" src=\"https:\/\/cdn-imgix.headout.com\/media\/images\/13ff74a6f5d8867b7462dd10afd9201f-Balloons-festival-in-Cha%CC%82teau-d'Oex%2C-Switzerland.jpg\" data-pagespeed-url-hash=\"177477554\" onload=\"pagespeed.CriticalImages.checkImageForCriticality(this);\" sizes=\"810px\" loading=\"lazy\"><\/p>\n<h2>Things to do in and around Ch\u00e2teau-d&#8217;Oex <\/h2>\n<ul>\n<li><b>Visit Rougemont, a traditional village :<\/b> Get a glimpse of the slow life at the Rougemont Village, known for practicing mountain craft and farming. The quality of life has stood the test of time since the 11th century when the Rougemont Church was built.<\/li>\n<li><b>Engage in Skijoring :<\/b> Skijoring is a 4000-year-old tradition where you hold on to a lead and let a horse pull you! It\u2019s truly skiing with a twist!  <\/li>\n<li><b>Visit the Chillon Castle in Montreux :<\/b> Head down to the Chillon Castle for a tour inside and get a taste of the medieval era was like in this region. There\u2019s a lot to see and explore here!  <\/li>\n<\/ul>\n<p>    <img decoding=\"async\" data-src=\"https:\/\/cdn-imgix.headout.com\/media\/images\/c94e40dcac6fb4f9c0f8da25a790453b-Skijoring-in-Switzerland---Around-Cha%CC%82teau-d'Oex.jpg\" data-sizes=\"auto\" alt=\"Skijoring in Switzerland - Around Ch\u00e2teau-d'Oex\" src=\"https:\/\/cdn-imgix.headout.com\/media\/images\/c94e40dcac6fb4f9c0f8da25a790453b-Skijoring-in-Switzerland---Around-Cha%CC%82teau-d'Oex.jpg\" data-pagespeed-url-hash=\"177477554\" onload=\"pagespeed.CriticalImages.checkImageForCriticality(this);\" sizes=\"810px\" loading=\"lazy\"><\/p>\n<h2>Must-visit restaurants neaby<\/h2>\n<p><img decoding=\"async\" data-src=\"https:\/\/cdn-imgix.headout.com\/media\/images\/a781abc7ddb78c9cae3e2488df821fad-Swiss-Fondue---Harder-Kulm.jpg\" data-sizes=\"auto\" alt=\"Cheese Fondue - Swiss Cuisine at Le Chalet\" sizes=\"150px\" src=\"https:\/\/cdn-imgix.headout.com\/media\/images\/a781abc7ddb78c9cae3e2488df821fad-Swiss-Fondue---Harder-Kulm.jpg\" data-pagespeed-url-hash=\"318551585\" onload=\"pagespeed.CriticalImages.checkImageForCriticality(this);\"> <span><\/span> <span><strong>Le Chalet<\/strong><\/span><\/p>\n<p>What\u2019s the point of visiting the Swiss Alps without trying traditional Swiss cuisine? That\u2019s why you need to head to the <a href=\"https:\/\/www.lechalet-fromagerie.ch\/\" target=\"_blank\" rel=\"noopener\">Le Chalet restaurant <\/a> to relish authentic and regional Swiss delicacies. You must try highly recommended dishes like fondue, raclette, chalet soup and cottage macaroni.<\/p>\n<p>To accommodate dietary options, the restaurant is vegetarian-friendly too!<\/p>\n<h2>More about the Night Glow Show<\/h2>\n<p>The iconic Sound and Light Show called Night Glow Display &#8211; which has been showcased in almost every edition of the Festival International De Ballons will not be up this year as well, sadly!  <\/p>\n<p>But, don\u2019t be too disheartened! They have promised to bring this spectacular display back for the public in the foreseeable future editions, fingers crossed!<\/p>\n<p>    <img decoding=\"async\" data-src=\"https:\/\/cdn-imgix.headout.com\/media\/images\/9f7f740568ab213c7ddabce2a4fd33d2-Hot-Air-Ballons-lit-up-at-night.jpg\" data-sizes=\"auto\" alt=\"Night Glow - Hot Air Balloon Show at Night\" src=\"https:\/\/cdn-imgix.headout.com\/media\/images\/9f7f740568ab213c7ddabce2a4fd33d2-Hot-Air-Ballons-lit-up-at-night.jpg\" data-pagespeed-url-hash=\"177477554\" onload=\"pagespeed.CriticalImages.checkImageForCriticality(this);\" sizes=\"810px\" loading=\"lazy\"><\/p>\n<h2>How to get there? <\/h2>\n<ul>\n<li><b>By Train:<\/b>\n<p>&#8211; If you\u2019re travelling from another country, you will have to take an international train to one of the major 3 Swiss cities &#8211; Zurich, Bern or Geneva. <\/p>\n<p>&#8211; Then catch a train to Montreux or Zweisimmen railway station, which are the closest stations to Ch\u00e2teau-d&#8217;\u0152x. From there, a local train will take you to Ch\u00e2teau-d&#8217;\u0152x.<\/p>\n<\/li>\n<li><b>By Car:<\/b> If you\u2019re heading from Geneva or Zurich via car, take the A1 or A3 highway towards Bern. From thereon, you must make your way from Lausanne and then to Montreux. Since Montreux is just north of Ch\u00e2teau-d&#8217;\u0152x, you can follow the local signs to reach the destination! <\/li>\n<\/ul>\n<h2>Where to stay? <\/h2>\n<h3><span><\/span><\/h3>\n<\/p>\n<ul>\n<li><a href=\"http:\/\/www.roc-et-neige.ch\/\" target=\"_blank\" rel=\"noopener\"> Hotel Roc et Neige <\/a><\/li>\n<li><a href=\"https:\/\/www.hdvoex.ch\/\" target=\"_blank\" rel=\"noopener\">Hotel de Ville <\/a><\/li>\n<li><a href=\"http:\/\/www.hotelduchamois.ch\/\" target=\"_blank\" rel=\"noopener\">Hotel du Chamois <\/a><\/li>\n<li><a href=\"https:\/\/ermitage-chateaudoex.ch\/\" target=\"_blank\" rel=\"noopener\">Ermitage Guest House<\/a><\/li>\n<\/ul>\n<p>[tcb-script src=&#8221;https:\/\/cdnjs.cloudflare.com\/ajax\/libs\/jquery\/3.5.1\/jquery.min.js&#8221; integrity=&#8221;sha512-bLT0Qm9VnAYZDflyKcBaQ2gg0hSYNQrJ8RilYldYQ1FxQYoCLtUjuuRuZo+fjqhx\/qtq\/1itJ0C2ejDxltZVFg==&#8221; crossorigin=&#8221;anonymous&#8221;][\/tcb-script]            <a>             Summary        <\/a>                                                               Summary                                        <\/p>\n<ul id=\"summary-mobile-ul\">            <\/ul>\n<p>            [tcb-script]        jQuery(document).ready(function () {            jQuery(&#8220;.row.post-width&#8221;).prepend(`&lt;div&gt;                    &lt;div id=&#8221;summary-list-wrapper&#8221;&gt;                        &lt;div&gt;                            &lt;div&gt;                           Summary                            &lt;\/div&gt;                            &lt;div&gt;&lt;\/div&gt;                        &lt;\/div&gt;                        &lt;ul id=&#8221;summaryList&#8221;&gt;                        &lt;\/ul&gt;                    &lt;\/div&gt;                &lt;\/div&gt;`);            let allH2 = document.querySelectorAll(&#8220;h2.add-to-summary&#8221;);            for (i = 0; i &lt; allH2.length; i++) {                jQuery(&#8220;#summaryList&#8221;).append(`&lt;li&gt;&lt;a&gt;${allH2[i].innerHTML}&lt;\/a&gt;&lt;\/li&gt;`);                jQuery(&#8220;#summary-mobile-ul&#8221;).append(`&lt;li&gt;&lt;a&gt;${allH2[i].innerHTML}&lt;\/a&gt;&lt;\/li&gt;`);            }            let allA = document.querySelectorAll(&#8220;#summaryList li a&#8221;);            let header = jQuery(document.getElementsByTagName(&#8220;header&#8221;)[0])            let isMobile = false;            if(jQuery(window).width()&lt;=765){                allA = document.querySelectorAll(&#8220;#summary-mobile-ul li a&#8221;);                isMobile = true;            }            let modal = document.getElementById(&#8220;summary-wrapper-mobile&#8221;);            function findH2WithThisTag(text) {                if(isMobile){                    header.css(&#8220;display&#8221;,&#8221;block&#8221;);                    modal.style.display = &#8220;none&#8221;;                }                for (i = 0; i &lt; allH2.length; i++) {                    if (allH2[i].innerHTML == text) {                        jQuery(&#8220;html, body&#8221;).animate(                            {                                scrollTop: jQuery(allH2[i]).offset().top &#8211; 100,                            },                            1000);                        break;                    }                }            }            for (i = 0; i &lt; allA.length; i++) {                allA[i].addEventListener(&#8220;click&#8221;, function (data) {                    findH2WithThisTag(data.target.innerHTML);                }, false);            }            jQuery(&#8220;.open-summary-mobile&#8221;)[0].addEventListener(&#8220;click&#8221;, function () {                modal.style.display = &#8220;block&#8221;;                header.css(&#8220;display&#8221;,&#8221;none&#8221;);            }, false);            window.onclick = function (event) {                if (event.target == modal) {                    modal.style.display = &#8220;none&#8221;;                    header.css(&#8220;display&#8221;,&#8221;block&#8221;);                }            }           function scrollUl(i){                \/\/ if(i&gt;=1){                \/\/     offset = jQuery(allA[i-1])[0].offsetTop &#8211; jQuery(allA[0])[0].offsetTop;                \/\/ }                let offset = jQuery(allA[i])[0].offsetTop &#8211; jQuery(allA[0])[0].offsetTop;                  if(isMobile){                    \/\/ if(Math.abs(jQuery(&#8216;#summary-mobile-ul&#8217;)[0].scrollTop &#8211; offset) &gt;= 10){                    \/\/     jQuery(&#8216;#summary-mobile-ul&#8217;).animate({scrollTop: offset},1);                    \/\/ }                    let height = jQuery(window).height() &#8211; 45;                         let offsettop = parseInt((jQuery(allA[i])[0].offsetTop &#8211; jQuery(allA[0])[0].offsetTop) \/ height);                    let offsetbottom = parseInt((jQuery(allA[i])[0].offsetHeight &#8211; jQuery(allA[0])[0].offsetTop + jQuery(allA[i])[0].offsetTop)\/ height);                    if(offsettop==0 &amp;&amp; offsetbottom == 0){                        jQuery(&#8216;#summary-mobile-ul&#8217;).animate({scrollTop: 0},1);                    }else{                        jQuery(&#8216;#summary-mobile-ul&#8217;).animate({scrollTop: height*offsettop},1);                    }                }else{                    \/\/ if(Math.abs(jQuery(&#8216;#summaryList&#8217;)[0].scrollTop &#8211; offset) &gt;= 10){                    \/\/     jQuery(&#8216;#summaryList&#8217;).animate({scrollTop: offset},1);                    \/\/ }                    let offsettop = parseInt((jQuery(allA[i])[0].offsetTop &#8211; jQuery(allA[0])[0].offsetTop) \/ 400);                    let offsetbottom = parseInt((jQuery(allA[i])[0].offsetHeight &#8211; jQuery(allA[0])[0].offsetTop + jQuery(allA[i])[0].offsetTop)\/ 400);                    if(offsettop!=offsetbottom){                        jQuery(&#8216;#summaryList&#8217;).animate({scrollTop: offset},1);                    }else{                        jQuery(&#8216;#summaryList&#8217;).animate({scrollTop: 400*offsettop},1);                    }                }            }            document.body.onscroll = function (e) {                let topPosition = jQuery(window).scrollTop();                for (i = 0; i &lt; allA.length; i++) {                    jQuery(allA[i]).removeClass(&#8220;active&#8221;);                }                for (i = 0; i &lt; allH2.length; i++) {                    if (i == allH2.length &#8211; 1 &amp;&amp; allH2[i].offsetTop &lt;= topPosition &amp;&amp; !jQuery(allA[i]).hasClass(&#8220;active&#8221;)) {                        jQuery(allA[i]).addClass(&#8220;active&#8221;);                        scrollUl(i);                        break;                    } else if (i &lt; allH2.length &#8211; 1 &amp;&amp; allH2[i].offsetTop &lt;= topPosition &amp;&amp; allH2[i + 1].offsetTop &gt; topPosition &amp;&amp; !jQuery(allA[i]).hasClass(&#8220;active&#8221;)) {                        jQuery(allA[i]).addClass(&#8220;active&#8221;);                        scrollUl(i);                        break;                    }                }                let TextHeight = jQuery(&#8220;.small-12.medium-11.medium-centered.columns&#8221;)[0].offsetHeight + jQuery(&#8220;.small-12.medium-11.medium-centered.columns&#8221;)[0].offsetTop;                let summaryWrapperTop = jQuery(&#8220;#summary-list-wrapper&#8221;)[0].offsetTop;                let offsetTopPostWidth = jQuery(&#8220;.row.post-width&#8221;)[0].offsetTop;                if (summaryWrapperTop &lt; topPosition &#8211; 35 &#8211; offsetTopPostWidth &amp;&amp; TextHeight &gt; topPosition + jQuery(&#8220;#summary-list-wrapper&#8221;)[0].offsetHeight +30 ) {                    jQuery(&#8220;#summary-list-wrapper&#8221;).css(&#8220;position&#8221;, &#8220;fixed&#8221;);                    jQuery(&#8220;#summary-list-wrapper&#8221;).css(&#8220;top&#8221;, &#8220;25px&#8221;);                } else{                    jQuery(&#8220;#summary-list-wrapper&#8221;).css(&#8220;position&#8221;, &#8220;absolute&#8221;);                    jQuery(&#8220;#summary-list-wrapper&#8221;).css(&#8220;top&#8221;, &#8220;25px&#8221;);                }            }        });[\/tcb-script]<\/p>\n","protected":false},"excerpt":{"rendered":"<p>The Festival International De Ballons, or the International Festival of Balloons, is one of the most anticipated winter events in Switzerland; famous around the world too! In the little municipality of Ch\u00e2teau-d&#8217;\u0152x, a hot air balloon festival has been held since its inception in 1979 &#8211; when the first international hot air balloon week was [&hellip;]<\/p>\n","protected":false},"author":189,"featured_media":157800,"comment_status":"closed","ping_status":"closed","sticky":false,"template":"","format":"standard","meta":{"footnotes":""},"categories":[2372,45],"tags":[6311,6310,6312],"yoast_head":"<!-- This site is optimized with the Yoast SEO plugin v22.5 - https:\/\/yoast.com\/wordpress\/plugins\/seo\/ -->\n<title>The Festival International De Ballons 2024 Is Back In Switzerland<\/title>\n<meta name=\"description\" content=\"Experience the magic of Festival International De Ballons 2024! Know all about this festival and what you can expect right here!\" \/>\n<meta name=\"robots\" content=\"index, follow, max-snippet:-1, max-image-preview:large, max-video-preview:-1\" \/>\n<link rel=\"canonical\" href=\"https:\/\/www.headout.com\/blog\/international-winter-balloon-festival\/\" \/>\n<meta property=\"og:locale\" content=\"en_US\" \/>\n<meta property=\"og:type\" content=\"article\" \/>\n<meta property=\"og:title\" content=\"The Festival International De Ballons 2024 Is Back In Switzerland\" \/>\n<meta property=\"og:description\" content=\"Experience the magic of Festival International De Ballons 2024! Know all about this festival and what you can expect right here!\" \/>\n<meta property=\"og:url\" content=\"https:\/\/www.headout.com\/blog\/international-winter-balloon-festival\/\" \/>\n<meta property=\"og:site_name\" content=\"Headout Blog\" \/>\n<meta property=\"article:published_time\" content=\"2023-12-19T01:30:31+00:00\" \/>\n<meta property=\"article:modified_time\" content=\"2024-02-05T06:43:48+00:00\" \/>\n<meta property=\"og:image\" content=\"https:\/\/cdn-imgix.headout.com\/media\/images\/3a89b5fef817a4e4c8d9a43e591cfd47-Hot-air-balloons-festival-in-Cha%CC%82teau-d%27Oex%2C-Switzerland-Blog-Banner.jpg\" \/>\n<meta name=\"author\" content=\"Harshitha\" \/>\n<meta name=\"twitter:card\" content=\"summary_large_image\" \/>\n<meta name=\"twitter:image\" content=\"https:\/\/cdn-imgix.headout.com\/media\/images\/3a89b5fef817a4e4c8d9a43e591cfd47-Hot-air-balloons-festival-in-Cha%CC%82teau-d%27Oex%2C-Switzerland-Blog-Banner.jpg\" \/>\n<meta name=\"twitter:label1\" content=\"Written by\" \/>\n\t<meta name=\"twitter:data1\" content=\"Harshitha\" \/>\n\t<meta name=\"twitter:label2\" content=\"Est. reading time\" \/>\n\t<meta name=\"twitter:data2\" content=\"7 minutes\" \/>\n<!-- \/ Yoast SEO plugin. -->","yoast_head_json":{"title":"The Festival International De Ballons 2024 Is Back In Switzerland","description":"Experience the magic of Festival International De Ballons 2024! Know all about this festival and what you can expect right here!","robots":{"index":"index","follow":"follow","max-snippet":"max-snippet:-1","max-image-preview":"max-image-preview:large","max-video-preview":"max-video-preview:-1"},"canonical":"https:\/\/www.headout.com\/blog\/international-winter-balloon-festival\/","og_locale":"en_US","og_type":"article","og_title":"The Festival International De Ballons 2024 Is Back In Switzerland","og_description":"Experience the magic of Festival International De Ballons 2024! Know all about this festival and what you can expect right here!","og_url":"https:\/\/www.headout.com\/blog\/international-winter-balloon-festival\/","og_site_name":"Headout Blog","article_published_time":"2023-12-19T01:30:31+00:00","article_modified_time":"2024-02-05T06:43:48+00:00","og_image":[{"url":"https:\/\/cdn-imgix.headout.com\/media\/images\/3a89b5fef817a4e4c8d9a43e591cfd47-Hot-air-balloons-festival-in-Cha%CC%82teau-d%27Oex%2C-Switzerland-Blog-Banner.jpg"}],"author":"Harshitha","twitter_card":"summary_large_image","twitter_image":"https:\/\/cdn-imgix.headout.com\/media\/images\/3a89b5fef817a4e4c8d9a43e591cfd47-Hot-air-balloons-festival-in-Cha%CC%82teau-d%27Oex%2C-Switzerland-Blog-Banner.jpg","twitter_misc":{"Written by":"Harshitha","Est. reading time":"7 minutes"},"schema":{"@context":"https:\/\/schema.org","@graph":[{"@type":"Article","@id":"https:\/\/www.headout.com\/blog\/international-winter-balloon-festival\/#article","isPartOf":{"@id":"https:\/\/www.headout.com\/blog\/international-winter-balloon-festival\/"},"author":{"name":"Harshitha","@id":"https:\/\/www.headout.com\/blog\/#\/schema\/person\/6002a94f5d36bc8c455c40f84777a3cd"},"headline":"\u00a0The International Winter Balloon Festival in the Swiss Alps is back with its 44th edition!","datePublished":"2023-12-19T01:30:31+00:00","dateModified":"2024-02-05T06:43:48+00:00","mainEntityOfPage":{"@id":"https:\/\/www.headout.com\/blog\/international-winter-balloon-festival\/"},"wordCount":1421,"publisher":{"@id":"https:\/\/www.headout.com\/blog\/#organization"},"image":{"@id":"https:\/\/www.headout.com\/blog\/international-winter-balloon-festival\/#primaryimage"},"thumbnailUrl":"https:\/\/cdn-imgix.headout.com\/media\/images\/3a89b5fef817a4e4c8d9a43e591cfd47-Hot-air-balloons-festival-in-Cha%CC%82teau-d%27Oex%2C-Switzerland-Blog-Banner.jpg","keywords":["Global","Travel","Travel Inspiration"],"articleSection":["Global News","Travel"],"inLanguage":"en-US"},{"@type":"WebPage","@id":"https:\/\/www.headout.com\/blog\/international-winter-balloon-festival\/","url":"https:\/\/www.headout.com\/blog\/international-winter-balloon-festival\/","name":"The Festival International De Ballons 2024 Is Back In Switzerland","isPartOf":{"@id":"https:\/\/www.headout.com\/blog\/#website"},"primaryImageOfPage":{"@id":"https:\/\/www.headout.com\/blog\/international-winter-balloon-festival\/#primaryimage"},"image":{"@id":"https:\/\/www.headout.com\/blog\/international-winter-balloon-festival\/#primaryimage"},"thumbnailUrl":"https:\/\/cdn-imgix.headout.com\/media\/images\/3a89b5fef817a4e4c8d9a43e591cfd47-Hot-air-balloons-festival-in-Cha%CC%82teau-d%27Oex%2C-Switzerland-Blog-Banner.jpg","datePublished":"2023-12-19T01:30:31+00:00","dateModified":"2024-02-05T06:43:48+00:00","description":"Experience the magic of Festival International De Ballons 2024! Know all about this festival and what you can expect right here!","breadcrumb":{"@id":"https:\/\/www.headout.com\/blog\/international-winter-balloon-festival\/#breadcrumb"},"inLanguage":"en-US","potentialAction":[{"@type":"ReadAction","target":["https:\/\/www.headout.com\/blog\/international-winter-balloon-festival\/"]}]},{"@type":"ImageObject","inLanguage":"en-US","@id":"https:\/\/www.headout.com\/blog\/international-winter-balloon-festival\/#primaryimage","url":"https:\/\/cdn-imgix.headout.com\/media\/images\/3a89b5fef817a4e4c8d9a43e591cfd47-Hot-air-balloons-festival-in-Cha%CC%82teau-d%27Oex%2C-Switzerland-Blog-Banner.jpg","contentUrl":"https:\/\/cdn-imgix.headout.com\/media\/images\/3a89b5fef817a4e4c8d9a43e591cfd47-Hot-air-balloons-festival-in-Cha%CC%82teau-d%27Oex%2C-Switzerland-Blog-Banner.jpg","width":"10256","height":"3419","caption":"Balloon festival"},{"@type":"BreadcrumbList","@id":"https:\/\/www.headout.com\/blog\/international-winter-balloon-festival\/#breadcrumb","itemListElement":[{"@type":"ListItem","position":1,"name":"Travel","item":"https:\/\/www.headout.com\/blog\/category\/wcp-travel\/"},{"@type":"ListItem","position":2,"name":"Global News","item":"https:\/\/www.headout.com\/blog\/category\/wcp-travel\/wcp-global-news\/"},{"@type":"ListItem","position":3,"name":"Festival International De Ballons 2024"}]},{"@type":"WebSite","@id":"https:\/\/www.headout.com\/blog\/#website","url":"https:\/\/www.headout.com\/blog\/","name":"Headout Blog","description":"Where will you go next?","publisher":{"@id":"https:\/\/www.headout.com\/blog\/#organization"},"potentialAction":[{"@type":"SearchAction","target":{"@type":"EntryPoint","urlTemplate":"https:\/\/www.headout.com\/blog\/?s={search_term_string}"},"query-input":"required name=search_term_string"}],"inLanguage":"en-US"},{"@type":"Organization","@id":"https:\/\/www.headout.com\/blog\/#organization","name":"Headout","url":"https:\/\/www.headout.com\/blog\/","logo":{"@type":"ImageObject","inLanguage":"en-US","@id":"https:\/\/www.headout.com\/blog\/#\/schema\/logo\/image\/","url":"https:\/\/www.headout.com\/blog\/wp-content\/uploads\/2016\/07\/headout-logo.png","contentUrl":"https:\/\/www.headout.com\/blog\/wp-content\/uploads\/2016\/07\/headout-logo.png","width":550,"height":84,"caption":"Headout"},"image":{"@id":"https:\/\/www.headout.com\/blog\/#\/schema\/logo\/image\/"}},{"@type":"Person","@id":"https:\/\/www.headout.com\/blog\/#\/schema\/person\/6002a94f5d36bc8c455c40f84777a3cd","name":"Harshitha","image":{"@type":"ImageObject","inLanguage":"en-US","@id":"https:\/\/www.headout.com\/blog\/#\/schema\/person\/image\/","url":"https:\/\/secure.gravatar.com\/avatar\/6580053473c8a9c9a23225c51c34f755?s=96&r=g","contentUrl":"https:\/\/secure.gravatar.com\/avatar\/6580053473c8a9c9a23225c51c34f755?s=96&r=g","caption":"Harshitha"},"url":"https:\/\/www.headout.com\/blog\/author\/harshitha-jayavel\/"}]}},"_links":{"self":[{"href":"https:\/\/www.headout.com\/blog\/wp-json\/wp\/v2\/posts\/155137"}],"collection":[{"href":"https:\/\/www.headout.com\/blog\/wp-json\/wp\/v2\/posts"}],"about":[{"href":"https:\/\/www.headout.com\/blog\/wp-json\/wp\/v2\/types\/post"}],"author":[{"embeddable":true,"href":"https:\/\/www.headout.com\/blog\/wp-json\/wp\/v2\/users\/189"}],"replies":[{"embeddable":true,"href":"https:\/\/www.headout.com\/blog\/wp-json\/wp\/v2\/comments?post=155137"}],"version-history":[{"count":26,"href":"https:\/\/www.headout.com\/blog\/wp-json\/wp\/v2\/posts\/155137\/revisions"}],"predecessor-version":[{"id":167567,"href":"https:\/\/www.headout.com\/blog\/wp-json\/wp\/v2\/posts\/155137\/revisions\/167567"}],"wp:featuredmedia":[{"embeddable":true,"href":"https:\/\/www.headout.com\/blog\/wp-json\/wp\/v2\/media\/157800"}],"wp:attachment":[{"href":"https:\/\/www.headout.com\/blog\/wp-json\/wp\/v2\/media?parent=155137"}],"wp:term":[{"taxonomy":"category","embeddable":true,"href":"https:\/\/www.headout.com\/blog\/wp-json\/wp\/v2\/categories?post=155137"},{"taxonomy":"post_tag","embeddable":true,"href":"https:\/\/www.headout.com\/blog\/wp-json\/wp\/v2\/tags?post=155137"}],"curies":[{"name":"wp","href":"https:\/\/api.w.org\/{rel}","templated":true}]}}